{"id":19692,"date":"2025-05-09T12:56:49","date_gmt":"2025-05-09T12:56:49","guid":{"rendered":"https:\/\/vboxx.eu\/independencia-europea-de-la-nube-por-que-es-importante-por-nina-s-sczepurek\/"},"modified":"2026-03-23T09:33:32","modified_gmt":"2026-03-23T09:33:32","slug":"independencia-europea-de-la-nube-por-que-es-importante-por-nina-s-sczepurek","status":"publish","type":"post","link":"https:\/\/vboxx.eu\/es\/blog\/independencia-europea-de-la-nube-por-que-es-importante-por-nina-s-sczepurek\/","title":{"rendered":"Independencia europea de la nube: por qu\u00e9 importa"},"content":{"rendered":"\t\t<div data-elementor-type=\"wp-post\" data-elementor-id=\"19692\" class=\"elementor elementor-19692 elementor-19582\" data-elementor-post-type=\"post\">\n\t\t\t\t<div class=\"elementor-element elementor-element-666426c0 e-flex e-con-boxed e-con e-parent\" data-id=\"666426c0\" data-element_type=\"container\" data-e-type=\"container\">\n\t\t\t\t\t<div class=\"e-con-inner\">\n\t\t\t\t<div class=\"elementor-element elementor-element-f8b393b elementor-widget elementor-widget-video\" data-id=\"f8b393b\" data-element_type=\"widget\" data-e-type=\"widget\" data-settings=\"{&quot;youtube_url&quot;:&quot;https:\\\/\\\/youtu.be\\\/u88hCZwsLMg&quot;,&quot;video_type&quot;:&quot;youtube&quot;,&quot;controls&quot;:&quot;yes&quot;}\" data-widget_type=\"video.default\">\n\t\t\t\t<div class=\"elementor-widget-container\">\n\t\t\t\t\t\t\t<div class=\"elementor-wrapper elementor-open-inline\">\n\t\t\t<div class=\"elementor-video\"><\/div>\t\t<\/div>\n\t\t\t\t\t\t<\/div>\n\t\t\t\t<\/div>\n\t\t\t\t\t<\/div>\n\t\t\t\t<\/div>\n\t\t<div class=\"elementor-element elementor-element-a43c232 e-flex e-con-boxed e-con e-parent\" data-id=\"a43c232\" data-element_type=\"container\" data-e-type=\"container\">\n\t\t\t\t\t<div class=\"e-con-inner\">\n\t\t\t\t<div class=\"elementor-element elementor-element-13d051ce elementor-widget elementor-widget-text-editor\" data-id=\"13d051ce\" data-element_type=\"widget\" data-e-type=\"widget\" data-widget_type=\"text-editor.default\">\n\t\t\t\t<div class=\"elementor-widget-container\">\n\t\t\t\t\t\t\t\t\t<p><em>(Para ver el v\u00eddeo de arriba, acepta el uso de cookies).<\/em><\/p>\n<p>\u00ab<strong>Independiente de los servicios estadounidenses<\/strong>\u00ab: esta frase es cada d\u00eda m\u00e1s urgente. Refleja el trabajo que hacemos en vBoxx y leitzcloud by vBoxx. El <a href=\"https:\/\/www.daserste.de\/information\/politik-weltgeschehen\/morgenmagazin\/politik\/US-Wirtschaftspolitk-digitale-Souveraenitaet-Nachfrage-nach-deutschen-Loesungen-waechst-100.html\"><strong>8 de mayo de 2025<\/strong>, <strong>ARD Morgenmagazin<\/strong><\/a> emiti\u00f3 un segmento en el que se destacaba la creciente necesidad de <strong>independencia de la nube europea<\/strong> en el mundo digital actual.<\/p>\n<p>Nuestra compa\u00f1era, <strong>Nina-Sophie Sczepurek <\/strong>de leitzcloud by vBoxx<span style=\"color: inherit;\">particip\u00f3 en el segmento para compartir su punto de vista. Durante la entrevista, afirm\u00f3 que \u00abes hora de alejarse de las plataformas en la nube controladas por extranjeros. En su lugar, debemos invertir en <\/span><strong style=\"color: inherit;\">soluciones en la nube europeas, seguras y privadas<\/strong><span style=\"color: inherit;\"> que respetan las leyes y valores regionales\u00bb.<\/span><\/p>\n<p><strong>Ver la entrevista original en ARD<\/strong>:<br \/>Morgenmagazin. (2025, 8 de mayo). <a href=\"https:\/\/www.daserste.de\/information\/politik-weltgeschehen\/morgenmagazin\/politik\/US-Wirtschaftspolitk-digitale-Souveraenitaet-Nachfrage-nach-deutschen-Loesungen-waechst-100.html\"><em>US-Wirtschaftspolitik &#8211; digitale Souver\u00e4nit\u00e4t: Nachfrage nach deutschen L\u00f6sungen w\u00e4chst<\/em> [V\u00eddeo]. ARD<\/a><\/p>\n<h3><strong>El cambio hacia la independencia europea de las nubes<\/strong><\/h3>\n<p>En la entrevista de ARD, Nina-Sophie Sczepurek explic\u00f3 c\u00f3mo las empresas europeas se est\u00e1n alejando de los proveedores estadounidenses. Las empresas exigen cada vez m\u00e1s <strong>servicios inform\u00e1ticos transparentes, regulados y controlados por Europa<\/strong>. En <strong>vBoxx<\/strong>, apoyamos plenamente esta transici\u00f3n.<\/p>\n<p>\u00bfPor qu\u00e9 es tan importante? M\u00e1s del 90% de los datos generados en Europa son almacenados por empresas estadounidenses. Estas empresas est\u00e1n sujetas a leyes estadounidenses como <a href=\"https:\/\/www.eurojust.europa.eu\/publication\/cloud-act\">la Ley de la Nube<\/a>, que permite a las autoridades estadounidenses acceder incluso a los datos almacenados en la UE. Esto socava tanto <strong>la privacidad de los datos como la soberan\u00eda digital europea<\/strong>.<\/p>\n<p>Europa debe proteger y gestionar su propia infraestructura de datos, no s\u00f3lo para cumplir la normativa, sino para garantizar la confianza, la resistencia y la independencia a largo plazo.<\/p>\n<h3>Nuestro papel<\/h3>\n<p>En <strong><a href=\"https:\/\/vboxx.eu\/es\/\">vBoxx ,<\/a><\/strong>siempre nos hemos tomado en serio la soberan\u00eda digital. <span style=\"color: inherit;\">Poseemos y gestionamos <\/span><strong style=\"color: inherit;\">nuestra propia infraestructura en centros de datos de los Pa\u00edses Bajos con certificaci\u00f3n ISO y conformes con la GDPR<\/strong><span style=\"color: inherit;\">, donde se almacenan y gestionan todos los datos de vBoxx bajo <\/span><strong style=\"color: inherit;\">estricta jurisdicci\u00f3n europea<\/strong>.<span style=\"color: inherit;\">. Aunque leiztcloud adopta un enfoque similar, su infraestructura tiene su sede en Alemania, lo que garantiza que los datos se almacenan y gestionan dentro de las fronteras alemanas bajo leyes de protecci\u00f3n de datos igualmente s\u00f3lidas.<\/span><\/p>\n<p>Como se menciona en la entrevista, estamos observando un mayor inter\u00e9s por parte de las empresas alemanas y europeas que quieren desvincularse de los proveedores estadounidenses y cambiar a <strong>soluciones en la nube independientes y seguras<\/strong>. Estas organizaciones quieren algo m\u00e1s que comodidad: quieren control, responsabilidad y cumplimiento.<\/p>\n<p>Por desgracia, muchas <strong>empresas tecnol\u00f3gicas europeas que en su d\u00eda defend\u00edan la privacidad y la seguridad de los datos han desaparecido<\/strong> en los \u00faltimos a\u00f1os, lo que acent\u00faa a\u00fan m\u00e1s la necesidad de alternativas locales s\u00f3lidas. Ah\u00ed es donde entramos nosotros, y donde seguimos firmemente comprometidos.<\/p>\n<h3>De cara al futuro<\/h3>\n<p>En vBoxx estamos totalmente de acuerdo con las opiniones expresadas en el reportaje de ARD Morgenmagazin. No es s\u00f3lo una tendencia, es un movimiento. Un movimiento hacia la <strong>independencia digital, la seguridad y la sostenibilidad<\/strong> en Europa.<\/p>\n<p>Esperamos que cada vez m\u00e1s personas, instituciones y responsables pol\u00edticos reconozcan lo que est\u00e1 en juego: no se trata s\u00f3lo de d\u00f3nde se almacenan los datos, sino de <strong>qui\u00e9n los controla<\/strong> y <strong>c\u00f3mo se protegen<\/strong>.<\/p>\n<p>Sigamos construyendo un futuro digital que sea <strong>segura, privada y soberana. Por Europa y con Europa.<\/strong><\/p>\t\t\t\t\t\t\t\t<\/div>\n\t\t\t\t<\/div>\n\t\t\t\t\t<\/div>\n\t\t\t\t<\/div>\n\t\t\t\t<\/div>\n\t\t","protected":false},"excerpt":{"rendered":"<p>https:\/\/youtu.be\/u88hCZwsLMg (Para ver el v\u00eddeo de arriba, acepta el uso de cookies). \u00abIndependiente de los servicios estadounidenses\u00ab: esta frase es cada d\u00eda m\u00e1s urgente. Refleja el trabajo que hacemos en vBoxx y leitzcloud by vBoxx. El 8 de mayo de&#8230;<\/p>\n","protected":false},"author":5,"featured_media":20085,"comment_status":"closed","ping_status":"open","sticky":false,"template":"","format":"standard","meta":{"footnotes":""},"categories":[48],"tags":[],"class_list":["post-19692","post","type-post","status-publish","format-standard","has-post-thumbnail","hentry","category-noticias"],"yoast_head":"<!-- This site is optimized with the Yoast SEO Premium plugin v27.5 (Yoast SEO v27.5) - https:\/\/yoast.com\/product\/yoast-seo-premium-wordpress\/ -->\n<title>Independencia europea de la nube: por qu\u00e9 importa | vBoxx<\/title>\n<meta name=\"description\" content=\"Explora el tema de la independencia europea de la nube y su importancia en el panorama digital actual, de la mano de Nina S. Sczepurek\" \/>\n<meta name=\"robots\" content=\"index, follow, max-snippet:-1, max-image-preview:large, max-video-preview:-1\" \/>\n<link rel=\"canonical\" href=\"https:\/\/vboxx.eu\/es\/blog\/independencia-europea-de-la-nube-por-que-es-importante-por-nina-s-sczepurek\/\" \/>\n<meta property=\"og:locale\" content=\"es_ES\" \/>\n<meta property=\"og:type\" content=\"article\" \/>\n<meta property=\"og:title\" content=\"Independencia europea de la nube: por qu\u00e9 importa\" \/>\n<meta property=\"og:description\" content=\"Explora el tema de la independencia europea de la nube y su importancia en el panorama digital actual, de la mano de Nina S. Sczepurek\" \/>\n<meta property=\"og:url\" content=\"https:\/\/vboxx.eu\/es\/blog\/independencia-europea-de-la-nube-por-que-es-importante-por-nina-s-sczepurek\/\" \/>\n<meta property=\"og:site_name\" content=\"vBoxx - Secure Hosting and Cloud Solutions\" \/>\n<meta property=\"article:publisher\" content=\"https:\/\/www.facebook.com\/vboxxbv\" \/>\n<meta property=\"article:published_time\" content=\"2025-05-09T12:56:49+00:00\" \/>\n<meta property=\"article:modified_time\" content=\"2026-03-23T09:33:32+00:00\" \/>\n<meta property=\"og:image\" content=\"https:\/\/vboxx.eu\/wp-content\/uploads\/2025\/05\/LinkedIn-012025-VW-e1749200559621.jpg\" \/>\n\t<meta property=\"og:image:width\" content=\"1950\" \/>\n\t<meta property=\"og:image:height\" content=\"1950\" \/>\n\t<meta property=\"og:image:type\" content=\"image\/jpeg\" \/>\n<meta name=\"author\" content=\"vBoxx\" \/>\n<meta name=\"twitter:card\" content=\"summary_large_image\" \/>\n<meta name=\"twitter:creator\" content=\"@vboxx\" \/>\n<meta name=\"twitter:site\" content=\"@vboxx\" \/>\n<meta name=\"twitter:label1\" content=\"Escrito por\" \/>\n\t<meta name=\"twitter:data1\" content=\"vBoxx\" \/>\n\t<meta name=\"twitter:label2\" content=\"Tiempo de lectura\" \/>\n\t<meta name=\"twitter:data2\" content=\"3 minutos\" \/>\n<script type=\"application\/ld+json\" class=\"yoast-schema-graph\">{\"@context\":\"https:\\\/\\\/schema.org\",\"@graph\":[{\"@type\":\"Article\",\"@id\":\"https:\\\/\\\/vboxx.eu\\\/es\\\/blog\\\/independencia-europea-de-la-nube-por-que-es-importante-por-nina-s-sczepurek\\\/#article\",\"isPartOf\":{\"@id\":\"https:\\\/\\\/vboxx.eu\\\/es\\\/blog\\\/independencia-europea-de-la-nube-por-que-es-importante-por-nina-s-sczepurek\\\/\"},\"author\":{\"name\":\"vBoxx\",\"@id\":\"https:\\\/\\\/vboxx.eu\\\/es\\\/#\\\/schema\\\/person\\\/7f97c45281390fd7b2cbc7011f4650ae\"},\"headline\":\"Independencia europea de la nube: por qu\u00e9 importa\",\"datePublished\":\"2025-05-09T12:56:49+00:00\",\"dateModified\":\"2026-03-23T09:33:32+00:00\",\"mainEntityOfPage\":{\"@id\":\"https:\\\/\\\/vboxx.eu\\\/es\\\/blog\\\/independencia-europea-de-la-nube-por-que-es-importante-por-nina-s-sczepurek\\\/\"},\"wordCount\":599,\"publisher\":{\"@id\":\"https:\\\/\\\/vboxx.eu\\\/es\\\/#organization\"},\"image\":{\"@id\":\"https:\\\/\\\/vboxx.eu\\\/es\\\/blog\\\/independencia-europea-de-la-nube-por-que-es-importante-por-nina-s-sczepurek\\\/#primaryimage\"},\"thumbnailUrl\":\"https:\\\/\\\/vboxx.eu\\\/wp-content\\\/uploads\\\/2025\\\/05\\\/LinkedIn-012025-VW-e1749200559621.jpg\",\"articleSection\":[\"Noticias\"],\"inLanguage\":\"es\"},{\"@type\":\"WebPage\",\"@id\":\"https:\\\/\\\/vboxx.eu\\\/es\\\/blog\\\/independencia-europea-de-la-nube-por-que-es-importante-por-nina-s-sczepurek\\\/\",\"url\":\"https:\\\/\\\/vboxx.eu\\\/es\\\/blog\\\/independencia-europea-de-la-nube-por-que-es-importante-por-nina-s-sczepurek\\\/\",\"name\":\"Independencia europea de la nube: por qu\u00e9 importa | vBoxx\",\"isPartOf\":{\"@id\":\"https:\\\/\\\/vboxx.eu\\\/es\\\/#website\"},\"primaryImageOfPage\":{\"@id\":\"https:\\\/\\\/vboxx.eu\\\/es\\\/blog\\\/independencia-europea-de-la-nube-por-que-es-importante-por-nina-s-sczepurek\\\/#primaryimage\"},\"image\":{\"@id\":\"https:\\\/\\\/vboxx.eu\\\/es\\\/blog\\\/independencia-europea-de-la-nube-por-que-es-importante-por-nina-s-sczepurek\\\/#primaryimage\"},\"thumbnailUrl\":\"https:\\\/\\\/vboxx.eu\\\/wp-content\\\/uploads\\\/2025\\\/05\\\/LinkedIn-012025-VW-e1749200559621.jpg\",\"datePublished\":\"2025-05-09T12:56:49+00:00\",\"dateModified\":\"2026-03-23T09:33:32+00:00\",\"description\":\"Explora el tema de la independencia europea de la nube y su importancia en el panorama digital actual, de la mano de Nina S. Sczepurek\",\"breadcrumb\":{\"@id\":\"https:\\\/\\\/vboxx.eu\\\/es\\\/blog\\\/independencia-europea-de-la-nube-por-que-es-importante-por-nina-s-sczepurek\\\/#breadcrumb\"},\"inLanguage\":\"es\",\"potentialAction\":[{\"@type\":\"ReadAction\",\"target\":[\"https:\\\/\\\/vboxx.eu\\\/es\\\/blog\\\/independencia-europea-de-la-nube-por-que-es-importante-por-nina-s-sczepurek\\\/\"]}]},{\"@type\":\"ImageObject\",\"inLanguage\":\"es\",\"@id\":\"https:\\\/\\\/vboxx.eu\\\/es\\\/blog\\\/independencia-europea-de-la-nube-por-que-es-importante-por-nina-s-sczepurek\\\/#primaryimage\",\"url\":\"https:\\\/\\\/vboxx.eu\\\/wp-content\\\/uploads\\\/2025\\\/05\\\/LinkedIn-012025-VW-e1749200559621.jpg\",\"contentUrl\":\"https:\\\/\\\/vboxx.eu\\\/wp-content\\\/uploads\\\/2025\\\/05\\\/LinkedIn-012025-VW-e1749200559621.jpg\",\"width\":1950,\"height\":1950,\"caption\":\"Nina\"},{\"@type\":\"BreadcrumbList\",\"@id\":\"https:\\\/\\\/vboxx.eu\\\/es\\\/blog\\\/independencia-europea-de-la-nube-por-que-es-importante-por-nina-s-sczepurek\\\/#breadcrumb\",\"itemListElement\":[{\"@type\":\"ListItem\",\"position\":1,\"name\":\"Home\",\"item\":\"https:\\\/\\\/vboxx.eu\\\/es\\\/\"},{\"@type\":\"ListItem\",\"position\":2,\"name\":\"Independencia europea de la nube: por qu\u00e9 importa\"}]},{\"@type\":\"WebSite\",\"@id\":\"https:\\\/\\\/vboxx.eu\\\/es\\\/#website\",\"url\":\"https:\\\/\\\/vboxx.eu\\\/es\\\/\",\"name\":\"vBoxx - Secure Hosting and Cloud Solutions\",\"description\":\"Shape a private &amp; secure digital landscape\",\"publisher\":{\"@id\":\"https:\\\/\\\/vboxx.eu\\\/es\\\/#organization\"},\"potentialAction\":[{\"@type\":\"SearchAction\",\"target\":{\"@type\":\"EntryPoint\",\"urlTemplate\":\"https:\\\/\\\/vboxx.eu\\\/es\\\/?s={search_term_string}\"},\"query-input\":{\"@type\":\"PropertyValueSpecification\",\"valueRequired\":true,\"valueName\":\"search_term_string\"}}],\"inLanguage\":\"es\"},{\"@type\":\"Organization\",\"@id\":\"https:\\\/\\\/vboxx.eu\\\/es\\\/#organization\",\"name\":\"vBoxx - Secure Hosting and Cloud Solutions\",\"url\":\"https:\\\/\\\/vboxx.eu\\\/es\\\/\",\"logo\":{\"@type\":\"ImageObject\",\"inLanguage\":\"es\",\"@id\":\"https:\\\/\\\/vboxx.eu\\\/es\\\/#\\\/schema\\\/logo\\\/image\\\/\",\"url\":\"https:\\\/\\\/vboxx.eu\\\/wp-content\\\/uploads\\\/2025\\\/03\\\/vBoxx-Logo.png\",\"contentUrl\":\"https:\\\/\\\/vboxx.eu\\\/wp-content\\\/uploads\\\/2025\\\/03\\\/vBoxx-Logo.png\",\"width\":500,\"height\":532,\"caption\":\"vBoxx - Secure Hosting and Cloud Solutions\"},\"image\":{\"@id\":\"https:\\\/\\\/vboxx.eu\\\/es\\\/#\\\/schema\\\/logo\\\/image\\\/\"},\"sameAs\":[\"https:\\\/\\\/www.facebook.com\\\/vboxxbv\",\"https:\\\/\\\/x.com\\\/vboxx\",\"https:\\\/\\\/www.linkedin.com\\\/company\\\/vboxx-b-v\\\/\",\"https:\\\/\\\/www.instagram.com\\\/vboxx\\\/\"],\"email\":\"marketing@vboxx.eu\",\"telephone\":\"+31702060091\",\"legalName\":\"vBoxx B.V. \\\/ vBoxx Nordics APS.\",\"foundingDate\":\"2012-04-10\",\"vatID\":\"NL851567654B01\",\"duns\":\"490499504\",\"numberOfEmployees\":{\"@type\":\"QuantitativeValue\",\"minValue\":\"11\",\"maxValue\":\"50\"}},{\"@type\":\"Person\",\"@id\":\"https:\\\/\\\/vboxx.eu\\\/es\\\/#\\\/schema\\\/person\\\/7f97c45281390fd7b2cbc7011f4650ae\",\"name\":\"vBoxx\",\"image\":{\"@type\":\"ImageObject\",\"inLanguage\":\"es\",\"@id\":\"https:\\\/\\\/vboxx.eu\\\/wp-content\\\/litespeed\\\/avatar\\\/7c0fef0f7ac2aefcc3bd064f1bee481f.jpg?ver=1776978493\",\"url\":\"https:\\\/\\\/vboxx.eu\\\/wp-content\\\/litespeed\\\/avatar\\\/7c0fef0f7ac2aefcc3bd064f1bee481f.jpg?ver=1776978493\",\"contentUrl\":\"https:\\\/\\\/vboxx.eu\\\/wp-content\\\/litespeed\\\/avatar\\\/7c0fef0f7ac2aefcc3bd064f1bee481f.jpg?ver=1776978493\",\"caption\":\"vBoxx\"}}]}<\/script>\n<!-- \/ Yoast SEO Premium plugin. -->","yoast_head_json":{"title":"Independencia europea de la nube: por qu\u00e9 importa | vBoxx","description":"Explora el tema de la independencia europea de la nube y su importancia en el panorama digital actual, de la mano de Nina S. Sczepurek","robots":{"index":"index","follow":"follow","max-snippet":"max-snippet:-1","max-image-preview":"max-image-preview:large","max-video-preview":"max-video-preview:-1"},"canonical":"https:\/\/vboxx.eu\/es\/blog\/independencia-europea-de-la-nube-por-que-es-importante-por-nina-s-sczepurek\/","og_locale":"es_ES","og_type":"article","og_title":"Independencia europea de la nube: por qu\u00e9 importa","og_description":"Explora el tema de la independencia europea de la nube y su importancia en el panorama digital actual, de la mano de Nina S. Sczepurek","og_url":"https:\/\/vboxx.eu\/es\/blog\/independencia-europea-de-la-nube-por-que-es-importante-por-nina-s-sczepurek\/","og_site_name":"vBoxx - Secure Hosting and Cloud Solutions","article_publisher":"https:\/\/www.facebook.com\/vboxxbv","article_published_time":"2025-05-09T12:56:49+00:00","article_modified_time":"2026-03-23T09:33:32+00:00","og_image":[{"width":1950,"height":1950,"url":"https:\/\/vboxx.eu\/wp-content\/uploads\/2025\/05\/LinkedIn-012025-VW-e1749200559621.jpg","type":"image\/jpeg"}],"author":"vBoxx","twitter_card":"summary_large_image","twitter_creator":"@vboxx","twitter_site":"@vboxx","twitter_misc":{"Escrito por":"vBoxx","Tiempo de lectura":"3 minutos"},"schema":{"@context":"https:\/\/schema.org","@graph":[{"@type":"Article","@id":"https:\/\/vboxx.eu\/es\/blog\/independencia-europea-de-la-nube-por-que-es-importante-por-nina-s-sczepurek\/#article","isPartOf":{"@id":"https:\/\/vboxx.eu\/es\/blog\/independencia-europea-de-la-nube-por-que-es-importante-por-nina-s-sczepurek\/"},"author":{"name":"vBoxx","@id":"https:\/\/vboxx.eu\/es\/#\/schema\/person\/7f97c45281390fd7b2cbc7011f4650ae"},"headline":"Independencia europea de la nube: por qu\u00e9 importa","datePublished":"2025-05-09T12:56:49+00:00","dateModified":"2026-03-23T09:33:32+00:00","mainEntityOfPage":{"@id":"https:\/\/vboxx.eu\/es\/blog\/independencia-europea-de-la-nube-por-que-es-importante-por-nina-s-sczepurek\/"},"wordCount":599,"publisher":{"@id":"https:\/\/vboxx.eu\/es\/#organization"},"image":{"@id":"https:\/\/vboxx.eu\/es\/blog\/independencia-europea-de-la-nube-por-que-es-importante-por-nina-s-sczepurek\/#primaryimage"},"thumbnailUrl":"https:\/\/vboxx.eu\/wp-content\/uploads\/2025\/05\/LinkedIn-012025-VW-e1749200559621.jpg","articleSection":["Noticias"],"inLanguage":"es"},{"@type":"WebPage","@id":"https:\/\/vboxx.eu\/es\/blog\/independencia-europea-de-la-nube-por-que-es-importante-por-nina-s-sczepurek\/","url":"https:\/\/vboxx.eu\/es\/blog\/independencia-europea-de-la-nube-por-que-es-importante-por-nina-s-sczepurek\/","name":"Independencia europea de la nube: por qu\u00e9 importa | vBoxx","isPartOf":{"@id":"https:\/\/vboxx.eu\/es\/#website"},"primaryImageOfPage":{"@id":"https:\/\/vboxx.eu\/es\/blog\/independencia-europea-de-la-nube-por-que-es-importante-por-nina-s-sczepurek\/#primaryimage"},"image":{"@id":"https:\/\/vboxx.eu\/es\/blog\/independencia-europea-de-la-nube-por-que-es-importante-por-nina-s-sczepurek\/#primaryimage"},"thumbnailUrl":"https:\/\/vboxx.eu\/wp-content\/uploads\/2025\/05\/LinkedIn-012025-VW-e1749200559621.jpg","datePublished":"2025-05-09T12:56:49+00:00","dateModified":"2026-03-23T09:33:32+00:00","description":"Explora el tema de la independencia europea de la nube y su importancia en el panorama digital actual, de la mano de Nina S. Sczepurek","breadcrumb":{"@id":"https:\/\/vboxx.eu\/es\/blog\/independencia-europea-de-la-nube-por-que-es-importante-por-nina-s-sczepurek\/#breadcrumb"},"inLanguage":"es","potentialAction":[{"@type":"ReadAction","target":["https:\/\/vboxx.eu\/es\/blog\/independencia-europea-de-la-nube-por-que-es-importante-por-nina-s-sczepurek\/"]}]},{"@type":"ImageObject","inLanguage":"es","@id":"https:\/\/vboxx.eu\/es\/blog\/independencia-europea-de-la-nube-por-que-es-importante-por-nina-s-sczepurek\/#primaryimage","url":"https:\/\/vboxx.eu\/wp-content\/uploads\/2025\/05\/LinkedIn-012025-VW-e1749200559621.jpg","contentUrl":"https:\/\/vboxx.eu\/wp-content\/uploads\/2025\/05\/LinkedIn-012025-VW-e1749200559621.jpg","width":1950,"height":1950,"caption":"Nina"},{"@type":"BreadcrumbList","@id":"https:\/\/vboxx.eu\/es\/blog\/independencia-europea-de-la-nube-por-que-es-importante-por-nina-s-sczepurek\/#breadcrumb","itemListElement":[{"@type":"ListItem","position":1,"name":"Home","item":"https:\/\/vboxx.eu\/es\/"},{"@type":"ListItem","position":2,"name":"Independencia europea de la nube: por qu\u00e9 importa"}]},{"@type":"WebSite","@id":"https:\/\/vboxx.eu\/es\/#website","url":"https:\/\/vboxx.eu\/es\/","name":"vBoxx - Secure Hosting and Cloud Solutions","description":"Shape a private &amp; secure digital landscape","publisher":{"@id":"https:\/\/vboxx.eu\/es\/#organization"},"potentialAction":[{"@type":"SearchAction","target":{"@type":"EntryPoint","urlTemplate":"https:\/\/vboxx.eu\/es\/?s={search_term_string}"},"query-input":{"@type":"PropertyValueSpecification","valueRequired":true,"valueName":"search_term_string"}}],"inLanguage":"es"},{"@type":"Organization","@id":"https:\/\/vboxx.eu\/es\/#organization","name":"vBoxx - Secure Hosting and Cloud Solutions","url":"https:\/\/vboxx.eu\/es\/","logo":{"@type":"ImageObject","inLanguage":"es","@id":"https:\/\/vboxx.eu\/es\/#\/schema\/logo\/image\/","url":"https:\/\/vboxx.eu\/wp-content\/uploads\/2025\/03\/vBoxx-Logo.png","contentUrl":"https:\/\/vboxx.eu\/wp-content\/uploads\/2025\/03\/vBoxx-Logo.png","width":500,"height":532,"caption":"vBoxx - Secure Hosting and Cloud Solutions"},"image":{"@id":"https:\/\/vboxx.eu\/es\/#\/schema\/logo\/image\/"},"sameAs":["https:\/\/www.facebook.com\/vboxxbv","https:\/\/x.com\/vboxx","https:\/\/www.linkedin.com\/company\/vboxx-b-v\/","https:\/\/www.instagram.com\/vboxx\/"],"email":"marketing@vboxx.eu","telephone":"+31702060091","legalName":"vBoxx B.V. \/ vBoxx Nordics APS.","foundingDate":"2012-04-10","vatID":"NL851567654B01","duns":"490499504","numberOfEmployees":{"@type":"QuantitativeValue","minValue":"11","maxValue":"50"}},{"@type":"Person","@id":"https:\/\/vboxx.eu\/es\/#\/schema\/person\/7f97c45281390fd7b2cbc7011f4650ae","name":"vBoxx","image":{"@type":"ImageObject","inLanguage":"es","@id":"https:\/\/vboxx.eu\/wp-content\/litespeed\/avatar\/7c0fef0f7ac2aefcc3bd064f1bee481f.jpg?ver=1776978493","url":"https:\/\/vboxx.eu\/wp-content\/litespeed\/avatar\/7c0fef0f7ac2aefcc3bd064f1bee481f.jpg?ver=1776978493","contentUrl":"https:\/\/vboxx.eu\/wp-content\/litespeed\/avatar\/7c0fef0f7ac2aefcc3bd064f1bee481f.jpg?ver=1776978493","caption":"vBoxx"}}]}},"_links":{"self":[{"href":"https:\/\/vboxx.eu\/es\/wp-json\/wp\/v2\/posts\/19692","targetHints":{"allow":["GET"]}}],"collection":[{"href":"https:\/\/vboxx.eu\/es\/wp-json\/wp\/v2\/posts"}],"about":[{"href":"https:\/\/vboxx.eu\/es\/wp-json\/wp\/v2\/types\/post"}],"author":[{"embeddable":true,"href":"https:\/\/vboxx.eu\/es\/wp-json\/wp\/v2\/users\/5"}],"replies":[{"embeddable":true,"href":"https:\/\/vboxx.eu\/es\/wp-json\/wp\/v2\/comments?post=19692"}],"version-history":[{"count":9,"href":"https:\/\/vboxx.eu\/es\/wp-json\/wp\/v2\/posts\/19692\/revisions"}],"predecessor-version":[{"id":39660,"href":"https:\/\/vboxx.eu\/es\/wp-json\/wp\/v2\/posts\/19692\/revisions\/39660"}],"wp:featuredmedia":[{"embeddable":true,"href":"https:\/\/vboxx.eu\/es\/wp-json\/wp\/v2\/media\/20085"}],"wp:attachment":[{"href":"https:\/\/vboxx.eu\/es\/wp-json\/wp\/v2\/media?parent=19692"}],"wp:term":[{"taxonomy":"category","embeddable":true,"href":"https:\/\/vboxx.eu\/es\/wp-json\/wp\/v2\/categories?post=19692"},{"taxonomy":"post_tag","embeddable":true,"href":"https:\/\/vboxx.eu\/es\/wp-json\/wp\/v2\/tags?post=19692"}],"curies":[{"name":"wp","href":"https:\/\/api.w.org\/{rel}","templated":true}]}}